{"id":100,"date":"2010-09-22T00:12:24","date_gmt":"2010-09-22T00:12:24","guid":{"rendered":"http:\/\/www.thenostromo.ch\/wp\/2010\/09\/22\/canada\/"},"modified":"2010-09-22T00:12:24","modified_gmt":"2010-09-22T00:12:24","slug":"canada","status":"publish","type":"post","link":"http:\/\/www.thenostromo.ch\/wp\/2010\/09\/22\/canada\/","title":{"rendered":"Canada"},"content":{"rendered":"<p>M\u00eame si l&rsquo;Am\u00e9rique ne m&rsquo;est pas totalement inconnue, je dois bien admettre que depuis mon arriv\u00e9e au Canada, j&rsquo;ai un peu l&rsquo;impression d&rsquo;\u00eatre le migrant moyen venu chercher fortune dans le nouveau monde. (L\u00e0 o\u00f9 tout semble possible ?) Au Qu\u00e9bec depuis seulement quelques jours, j&rsquo;adore d\u00e9j\u00e0 ce pays. Apr\u00e8s de chouettes retrouvailles avec un pote d&rsquo;adolescence et mes premi\u00e8res balades en for\u00eat (et les rencontres qui vont avec), le s\u00e9jour s&rsquo;annonce passionnant. Je vais donc commencer par user mes semelles sur les sentiers des Laurentides, apr\u00e8s on verra bien&#8230;.<\/p>\n<p><img decoding=\"async\" src=\"\/images\/Billet 2010\/DSC_0045.JPG\" alt=\"\" \/><\/p>\n<p><img decoding=\"async\" src=\"\/images\/Billet 2010\/DSC_0107.JPG\" alt=\"\" \/><\/p>\n","protected":false},"excerpt":{"rendered":"<p>M\u00eame si l&rsquo;Am\u00e9rique ne m&rsquo;est pas totalement inconnue, je dois bien admettre que depuis mon arriv\u00e9e au Canada, j&rsquo;ai un peu l&rsquo;impression d&rsquo;\u00eatre le migrant moyen venu chercher fortune dans le nouveau monde. (L\u00e0 o\u00f9 tout semble possible ?) Au Qu\u00e9bec depuis seulement quelques jours, j&rsquo;adore d\u00e9j\u00e0 ce pays. Apr\u00e8s de chouettes retrouvailles avec un [&hellip;]<\/p>\n","protected":false},"author":2,"featured_media":0,"comment_status":"open","ping_status":"open","sticky":false,"template":"","format":"standard","meta":{"footnotes":""},"categories":[8],"tags":[],"class_list":["post-100","post","type-post","status-publish","format-standard","hentry","category-carnets-de-voyage-2010","post-preview"],"_links":{"self":[{"href":"http:\/\/www.thenostromo.ch\/wp\/wp-json\/wp\/v2\/posts\/100","targetHints":{"allow":["GET"]}}],"collection":[{"href":"http:\/\/www.thenostromo.ch\/wp\/wp-json\/wp\/v2\/posts"}],"about":[{"href":"http:\/\/www.thenostromo.ch\/wp\/wp-json\/wp\/v2\/types\/post"}],"author":[{"embeddable":true,"href":"http:\/\/www.thenostromo.ch\/wp\/wp-json\/wp\/v2\/users\/2"}],"replies":[{"embeddable":true,"href":"http:\/\/www.thenostromo.ch\/wp\/wp-json\/wp\/v2\/comments?post=100"}],"version-history":[{"count":0,"href":"http:\/\/www.thenostromo.ch\/wp\/wp-json\/wp\/v2\/posts\/100\/revisions"}],"wp:attachment":[{"href":"http:\/\/www.thenostromo.ch\/wp\/wp-json\/wp\/v2\/media?parent=100"}],"wp:term":[{"taxonomy":"category","embeddable":true,"href":"http:\/\/www.thenostromo.ch\/wp\/wp-json\/wp\/v2\/categories?post=100"},{"taxonomy":"post_tag","embeddable":true,"href":"http:\/\/www.thenostromo.ch\/wp\/wp-json\/wp\/v2\/tags?post=100"}],"curies":[{"name":"wp","href":"https:\/\/api.w.org\/{rel}","templated":true}]}}